{"id":58,"date":"2024-04-19T06:43:44","date_gmt":"2024-04-19T06:43:44","guid":{"rendered":"http:\/\/ctrlz.net\/?p=58"},"modified":"2025-03-12T12:34:21","modified_gmt":"2025-03-12T12:34:21","slug":"agrora-espacio-urbano-de-oportunidades-y-contaminacion-cultural","status":"publish","type":"post","link":"https:\/\/ctrlz.net\/fr\/agrora-espacio-urbano-de-oportunidades-y-contaminacion-cultural\/","title":{"rendered":"Agror\u00e0 \u2013 Espace urbain d\u2019opportunit\u00e9s et de contamination culturelle"},"content":{"rendered":"<div data-elementor-type=\"wp-post\" data-elementor-id=\"58\" class=\"elementor elementor-58\" data-elementor-post-type=\"post\">\n\t\t\t\t<div class=\"elementor-element elementor-element-2fc75699 e-flex e-con-boxed e-con e-parent\" data-id=\"2fc75699\" data-element_type=\"container\" data-e-type=\"container\">\n\t\t\t\t\t<div class=\"e-con-inner\">\n\t\t\t\t<div class=\"elementor-element elementor-element-4124a71b elementor-widget elementor-widget-heading\" data-id=\"4124a71b\" data-element_type=\"widget\" data-e-type=\"widget\" data-widget_type=\"heading.default\">\n\t\t\t\t<div class=\"elementor-widget-container\">\n\t\t\t\t\t<h2 class=\"elementor-heading-title elementor-size-default\">Agror\u00e0 \u2013 Espace urbain d\u2019opportunit\u00e9s et de contamination culturelle<\/h2>\t\t\t\t<\/div>\n\t\t\t\t<\/div>\n\t\t<div class=\"elementor-element elementor-element-76681bc e-flex e-con-boxed e-con e-child\" data-id=\"76681bc\" data-element_type=\"container\" data-e-type=\"container\">\n\t\t\t\t\t<div class=\"e-con-inner\">\n\t\t<div class=\"elementor-element elementor-element-5ee79573 e-con-full e-flex e-con e-child\" data-id=\"5ee79573\" data-element_type=\"container\" data-e-type=\"container\">\n\t\t\t\t<div class=\"elementor-element elementor-element-174b5bda elementor-widget elementor-widget-text-editor\" data-id=\"174b5bda\" data-element_type=\"widget\" data-e-type=\"widget\" data-widget_type=\"text-editor.default\">\n\t\t\t\t<div class=\"elementor-widget-container\">\n\t\t\t\t\t\t\t\t\t<p class=\"translation-block\"><strong>ATTENTION :<\/strong> CE PROJET EST LE R\u00c9SULTAT D&#039;UN PROCESSUS DE COLLABORATION ENTRE CTRL+Z ET DIFF\u00c9RENTS AGENTS. POUR VOTRE BONNE COMPR\u00c9HENSION, JE VOUS INVITE \u00c0 CONNA\u00ceTRE LES AUTRES SUJETS DIRECTEMENT IMPLIQU\u00c9S : <a href=\"https:\/\/ruralboxx.blogspot.com\/\" target=\"_self\">RURAL BOXX<\/a> (VENEZIA), <a href=\"https:\/\/www.lamatraka.es\/\" target=\"_self\">LAMATRAKA<\/a> (SEVILLE), <a href=\"https:\/\/d1618.wordpress.com\/\" target=\"_self\">D1618<\/a> (BUDAPEST).<\/p>\t\t\t\t\t\t\t\t<\/div>\n\t\t\t\t<\/div>\n\t\t\t\t<\/div>\n\t\t<div class=\"elementor-element elementor-element-111f85f6 e-flex e-con-boxed e-con e-child\" data-id=\"111f85f6\" data-element_type=\"container\" data-e-type=\"container\">\n\t\t\t\t\t<div class=\"e-con-inner\">\n\t\t\t\t<div class=\"elementor-element elementor-element-6f340283 elementor-nav-menu__align-end elementor-nav-menu--dropdown-none elementor-widget__width-auto elementor-widget elementor-widget-nav-menu\" data-id=\"6f340283\" data-element_type=\"widget\" data-e-type=\"widget\" data-settings=\"{&quot;layout&quot;:&quot;horizontal&quot;,&quot;submenu_icon&quot;:{&quot;value&quot;:&quot;&lt;svg class=\\&quot;e-font-icon-svg e-fas-caret-down\\&quot; viewBox=\\&quot;0 0 320 512\\&quot; xmlns=\\&quot;http:\\\/\\\/www.w3.org\\\/2000\\\/svg\\&quot;&gt;&lt;path d=\\&quot;M31.3 192h257.3c17.8 0 26.7 21.5 14.1 34.1L174.1 354.8c-7.8 7.8-20.5 7.8-28.3 0L17.2 226.1C4.6 213.5 13.5 192 31.3 192z\\&quot;&gt;&lt;\\\/path&gt;&lt;\\\/svg&gt;&quot;,&quot;library&quot;:&quot;fa-solid&quot;}}\" data-widget_type=\"nav-menu.default\">\n\t\t\t\t<div class=\"elementor-widget-container\">\n\t\t\t\t\t\t\t\t<nav class=\"elementor-nav-menu--main elementor-nav-menu__container elementor-nav-menu--layout-horizontal e--pointer-none\">\n\t\t\t\t<ul id=\"menu-1-6f340283\" class=\"elementor-nav-menu\"><li class=\"trp-language-switcher-container menu-item menu-item-type-post_type menu-item-object-language_switcher current-language-menu-item menu-item-8290\"><a href=\"https:\/\/ctrlz.net\/fr\/wp-json\/wp\/v2\/posts\/58\" class=\"elementor-item elementor-item-anchor\"><span data-no-translation><img decoding=\"async\" class=\"trp-flag-image\" src=\"https:\/\/ctrlz.net\/wp-content\/plugins\/translatepress-multilingual\/assets\/images\/flags\/en_GB.png\" width=\"18\" height=\"12\" alt=\"en_GB\" title=\"English (UK)\"><\/span><\/a><\/li>\n<li class=\"trp-language-switcher-container menu-item menu-item-type-post_type menu-item-object-language_switcher current-language-menu-item menu-item-4082\"><a href=\"https:\/\/ctrlz.net\/fr\/wp-json\/wp\/v2\/posts\/58\" class=\"elementor-item elementor-item-anchor\"><span data-no-translation><img decoding=\"async\" class=\"trp-flag-image\" src=\"https:\/\/ctrlz.net\/wp-content\/plugins\/translatepress-multilingual\/assets\/images\/flags\/it_IT.png\" width=\"18\" height=\"12\" alt=\"it_IT\" title=\"Italiano\"><\/span><\/a><\/li>\n<li class=\"trp-language-switcher-container menu-item menu-item-type-post_type menu-item-object-language_switcher current-language-menu-item menu-item-4084\"><a href=\"https:\/\/ctrlz.net\/fr\/wp-json\/wp\/v2\/posts\/58\" class=\"elementor-item elementor-item-anchor\"><span data-no-translation><img decoding=\"async\" class=\"trp-flag-image\" src=\"https:\/\/ctrlz.net\/wp-content\/plugins\/translatepress-multilingual\/assets\/images\/flags\/es_ES.png\" width=\"18\" height=\"12\" alt=\"es_ES\" title=\"Espa\u00f1ol\"><\/span><\/a><\/li>\n<\/ul>\t\t\t<\/nav>\n\t\t\t\t\t\t<nav class=\"elementor-nav-menu--dropdown elementor-nav-menu__container\" aria-hidden=\"true\">\n\t\t\t\t<ul id=\"menu-2-6f340283\" class=\"elementor-nav-menu\"><li class=\"trp-language-switcher-container menu-item menu-item-type-post_type menu-item-object-language_switcher current-language-menu-item menu-item-8290\"><a href=\"https:\/\/ctrlz.net\/fr\/wp-json\/wp\/v2\/posts\/58\" class=\"elementor-item elementor-item-anchor\" tabindex=\"-1\"><span data-no-translation><img decoding=\"async\" class=\"trp-flag-image\" src=\"https:\/\/ctrlz.net\/wp-content\/plugins\/translatepress-multilingual\/assets\/images\/flags\/en_GB.png\" width=\"18\" height=\"12\" alt=\"en_GB\" title=\"English (UK)\"><\/span><\/a><\/li>\n<li class=\"trp-language-switcher-container menu-item menu-item-type-post_type menu-item-object-language_switcher current-language-menu-item menu-item-4082\"><a href=\"https:\/\/ctrlz.net\/fr\/wp-json\/wp\/v2\/posts\/58\" class=\"elementor-item elementor-item-anchor\" tabindex=\"-1\"><span data-no-translation><img decoding=\"async\" class=\"trp-flag-image\" src=\"https:\/\/ctrlz.net\/wp-content\/plugins\/translatepress-multilingual\/assets\/images\/flags\/it_IT.png\" width=\"18\" height=\"12\" alt=\"it_IT\" title=\"Italiano\"><\/span><\/a><\/li>\n<li class=\"trp-language-switcher-container menu-item menu-item-type-post_type menu-item-object-language_switcher current-language-menu-item menu-item-4084\"><a href=\"https:\/\/ctrlz.net\/fr\/wp-json\/wp\/v2\/posts\/58\" class=\"elementor-item elementor-item-anchor\" tabindex=\"-1\"><span data-no-translation><img decoding=\"async\" class=\"trp-flag-image\" src=\"https:\/\/ctrlz.net\/wp-content\/plugins\/translatepress-multilingual\/assets\/images\/flags\/es_ES.png\" width=\"18\" height=\"12\" alt=\"es_ES\" title=\"Espa\u00f1ol\"><\/span><\/a><\/li>\n<\/ul>\t\t\t<\/nav>\n\t\t\t\t\t\t<\/div>\n\t\t\t\t<\/div>\n\t\t\t\t\t<\/div>\n\t\t\t\t<\/div>\n\t\t\t\t\t<\/div>\n\t\t\t\t<\/div>\n\t\t\t\t\t<\/div>\n\t\t\t\t<\/div>\n\t\t<div class=\"elementor-element elementor-element-6b4def04 e-flex e-con-boxed e-con e-parent\" data-id=\"6b4def04\" data-element_type=\"container\" data-e-type=\"container\">\n\t\t\t\t\t<div class=\"e-con-inner\">\n\t\t<div class=\"elementor-element elementor-element-3d0fedf3 e-con-full e-flex e-con e-child\" data-id=\"3d0fedf3\" data-element_type=\"container\" data-e-type=\"container\">\n\t\t\t\t<div class=\"elementor-element elementor-element-1ad2ed15 elementor-widget elementor-widget-image\" data-id=\"1ad2ed15\" data-element_type=\"widget\" data-e-type=\"widget\" data-widget_type=\"image.default\">\n\t\t\t\t<div class=\"elementor-widget-container\">\n\t\t\t\t\t\t\t\t\t\t\t\t\t\t\t\t<a href=\"http:\/\/ctrlz.net\/wp-content\/uploads\/2024\/04\/Espacio-Partecipativo-1.jpg\" data-elementor-open-lightbox=\"yes\" data-e-action-hash=\"#elementor-action%3Aaction%3Dlightbox%26settings%3DeyJpZCI6MTEyLCJ1cmwiOiJodHRwczpcL1wvY3RybHoubmV0XC93cC1jb250ZW50XC91cGxvYWRzXC8yMDI0XC8wNFwvRXNwYWNpby1QYXJ0ZWNpcGF0aXZvLTEuanBnIn0%3D\">\n\t\t\t\t\t\t\t<img loading=\"lazy\" decoding=\"async\" width=\"768\" height=\"422\" src=\"https:\/\/ctrlz.net\/wp-content\/uploads\/2024\/04\/Espacio-Partecipativo-1-768x422.jpg\" class=\"attachment-medium_large size-medium_large wp-image-112\" alt=\"\" srcset=\"https:\/\/ctrlz.net\/wp-content\/uploads\/2024\/04\/Espacio-Partecipativo-1-768x422.jpg 768w, https:\/\/ctrlz.net\/wp-content\/uploads\/2024\/04\/Espacio-Partecipativo-1-300x165.jpg 300w, https:\/\/ctrlz.net\/wp-content\/uploads\/2024\/04\/Espacio-Partecipativo-1-18x10.jpg 18w, https:\/\/ctrlz.net\/wp-content\/uploads\/2024\/04\/Espacio-Partecipativo-1.jpg 800w\" sizes=\"(max-width: 768px) 100vw, 768px\" \/>\t\t\t\t\t\t\t\t<\/a>\n\t\t\t\t\t\t\t\t\t\t\t\t\t\t\t<\/div>\n\t\t\t\t<\/div>\n\t\t\t\t<\/div>\n\t\t<div class=\"elementor-element elementor-element-3a70f499 e-con-full e-flex e-con e-child\" data-id=\"3a70f499\" data-element_type=\"container\" data-e-type=\"container\">\n\t\t\t\t<div class=\"elementor-element elementor-element-5d0957f6 elementor-widget elementor-widget-text-editor\" data-id=\"5d0957f6\" data-element_type=\"widget\" data-e-type=\"widget\" data-widget_type=\"text-editor.default\">\n\t\t\t\t<div class=\"elementor-widget-container\">\n\t\t\t\t\t\t\t\t\t<p>En 2012, on nous a offert l&#039;opportunit\u00e9 de participer au \u00ab Programme des jeunes architectes \u00bb 2012\u00a0; Nous avons \u00e9t\u00e9 invit\u00e9s par Rural Boxx, lui-m\u00eame invit\u00e9 par le Maxxi (Mus\u00e9e national de l&#039;art du XXIe si\u00e8cle, Rome). Cette invitation nous a oblig\u00e9 \u00e0 r\u00e9fl\u00e9chir profond\u00e9ment sur le mod\u00e8le de ville que nous voulions proposer, et bien s\u00fbr sur la vision que nous en avons en tant qu&#039;architectes, et en m\u00eame temps aussi en tant que citoyens, et cela a constitu\u00e9 pour nous une forte incitation \u00e0 l&#039;exp\u00e9rimentation. .<\/p>\t\t\t\t\t\t\t\t<\/div>\n\t\t\t\t<\/div>\n\t\t\t\t<div class=\"elementor-element elementor-element-7bae5bd elementor-hidden-tablet elementor-widget elementor-widget-text-editor\" data-id=\"7bae5bd\" data-element_type=\"widget\" data-e-type=\"widget\" data-widget_type=\"text-editor.default\">\n\t\t\t\t<div class=\"elementor-widget-container\">\n\t\t\t\t\t\t\t\t\t<p>Le laboratoire socioculturel AgRor\u00e0 est n\u00e9 de la synergie entre une infrastructure physique et un programme culturel. Son objectif principal est d&#039;ouvrir des espaces offrant des opportunit\u00e9s de formation, de production et de promotion des activit\u00e9s sociales et culturelles d\u00e9j\u00e0 pr\u00e9sentes sur le territoire. En fait, cette infrastructure est con\u00e7ue comme un instrument pour rassembler et canaliser ces activit\u00e9s afin qu&#039;elles puissent se d\u00e9velopper plus facilement, se renforcer et se d\u00e9velopper. Un espace commun qui favorise \u00e0 la fois le contact, les synergies, les collaborations et la contamination culturelle entre diff\u00e9rents groupes pour la cr\u00e9ation de r\u00e9seaux et de lignes de travail communes.<\/p>\t\t\t\t\t\t\t\t<\/div>\n\t\t\t\t<\/div>\n\t\t\t\t<\/div>\n\t\t\t\t\t<\/div>\n\t\t\t\t<\/div>\n\t\t<div class=\"elementor-element elementor-element-5f2dc2cb e-flex e-con-boxed e-con e-parent\" data-id=\"5f2dc2cb\" data-element_type=\"container\" data-e-type=\"container\">\n\t\t\t\t\t<div class=\"e-con-inner\">\n\t\t\t\t<div class=\"elementor-element elementor-element-1cefd38 elementor-hidden-desktop elementor-hidden-laptop elementor-hidden-mobile elementor-widget elementor-widget-text-editor\" data-id=\"1cefd38\" data-element_type=\"widget\" data-e-type=\"widget\" data-widget_type=\"text-editor.default\">\n\t\t\t\t<div class=\"elementor-widget-container\">\n\t\t\t\t\t\t\t\t\t<p>Le laboratoire socioculturel AgRor\u00e0 est n\u00e9 de la synergie entre une infrastructure physique et un programme culturel. Son objectif principal est d&#039;ouvrir des espaces offrant des opportunit\u00e9s de formation, de production et de promotion des activit\u00e9s sociales et culturelles d\u00e9j\u00e0 pr\u00e9sentes sur le territoire. En fait, cette infrastructure est con\u00e7ue comme un instrument pour rassembler et canaliser ces activit\u00e9s afin qu&#039;elles puissent se d\u00e9velopper plus facilement, se renforcer et se d\u00e9velopper. Un espace commun qui favorise \u00e0 la fois le contact, les synergies, les collaborations et la contamination culturelle entre diff\u00e9rents groupes pour la cr\u00e9ation de r\u00e9seaux et de lignes de travail communes.<\/p>\t\t\t\t\t\t\t\t<\/div>\n\t\t\t\t<\/div>\n\t\t\t\t<div class=\"elementor-element elementor-element-4df31bf7 elementor-widget elementor-widget-text-editor\" data-id=\"4df31bf7\" data-element_type=\"widget\" data-e-type=\"widget\" data-widget_type=\"text-editor.default\">\n\t\t\t\t<div class=\"elementor-widget-container\">\n\t\t\t\t\t\t\t\t\t<p>Dans la situation sociale et \u00e9conomique actuelle, qui correspond \u00e9galement \u00e0 un moment particulier du courant architectural, il ne semble plus suffisant de proposer un espace qui ne se refl\u00e8te que dans son articulation physique. Nous ressentons le besoin d&#039;\u00e9largir l&#039;exp\u00e9rimentation horizontalement vers le niveau social et culturel pour l&#039;ouvrir \u00e0 l&#039;incorporation d&#039;autres personnalit\u00e9s et d&#039;une citoyennet\u00e9 li\u00e9e, participative et coresponsable avec le projet. Une communaut\u00e9 informelle capable d&#039;arriver vivante et de lui donner un sens qui transcende les limites de l&#039;espace et du temps dans lesquels s&#039;inscrit l&#039;initiative.<\/p>\n<p>Nous sommes convaincus de l&#039;importance de la synchronisation entre les espaces physiques et les programmes qu&#039;ils entendent accueillir et c&#039;est pourquoi la n\u00e9cessit\u00e9 de r\u00e9partir en parall\u00e8le les ressources disponibles entre ces deux r\u00e9alit\u00e9s qui ne peuvent vivre qu&#039;en symbiose est identifi\u00e9e.<\/p>\n<p>Ainsi, un espace culturel (apolitique, non religieux et non commercial) est propos\u00e9, dans lequel les activit\u00e9s programm\u00e9es alternent avec des activit\u00e9s organis\u00e9es selon un processus participatif et avec des opportunit\u00e9s de visibilit\u00e9 que les citoyens seront invit\u00e9s \u00e0 utiliser librement.<\/p>\n<p>Ces espaces accueillent des activit\u00e9s, des dynamiques et des propositions tr\u00e8s diff\u00e9rentes les unes des autres, parfois dissonantes, mais la vocation de l&#039;initiative est justement de faire de chaque activit\u00e9 une opportunit\u00e9 de contact, de coop\u00e9ration et de contamination. Par cons\u00e9quent, \u00eatre des espaces dans lesquels peuvent coexister des r\u00e9alit\u00e9s qui pourraient difficilement co\u00efncider et interagir en dehors d\u2019elles, et les mettre en contact est l\u2019un des objectifs qui constitueront le plus grand succ\u00e8s de la proposition.<\/p>\t\t\t\t\t\t\t\t<\/div>\n\t\t\t\t<\/div>\n\t\t\t\t\t<\/div>\n\t\t\t\t<\/div>\n\t\t<div class=\"elementor-element elementor-element-37adadd1 e-flex e-con-boxed e-con e-parent\" data-id=\"37adadd1\" data-element_type=\"container\" data-e-type=\"container\">\n\t\t\t\t\t<div class=\"e-con-inner\">\n\t\t<div class=\"elementor-element elementor-element-13f8d76d e-con-full e-flex e-con e-child\" data-id=\"13f8d76d\" data-element_type=\"container\" data-e-type=\"container\">\n\t\t\t\t<div class=\"elementor-element elementor-element-10724a0d elementor-widget elementor-widget-text-editor\" data-id=\"10724a0d\" data-element_type=\"widget\" data-e-type=\"widget\" data-widget_type=\"text-editor.default\">\n\t\t\t\t<div class=\"elementor-widget-container\">\n\t\t\t\t\t\t\t\t\t<p>Un laboratoire urbain qui vise \u00e0 assumer une fonction interm\u00e9diaire de coexistence, non seulement entre des expressions culturelles compl\u00e8tement diff\u00e9rentes, mais aussi entre des citoyens appartenant \u00e0 des groupes socio-\u00e9conomiques diff\u00e9rents, provenant de zones urbaines \u00e9loign\u00e9es, pour cr\u00e9er des associations insolites, insolites et spontan\u00e9es dont les r\u00e9sultats. sont difficiles \u00e0 pr\u00e9voir.<\/p>\t\t\t\t\t\t\t\t<\/div>\n\t\t\t\t<\/div>\n\t\t\t\t<div class=\"elementor-element elementor-element-a3c1856 elementor-hidden-tablet elementor-widget elementor-widget-text-editor\" data-id=\"a3c1856\" data-element_type=\"widget\" data-e-type=\"widget\" data-widget_type=\"text-editor.default\">\n\t\t\t\t<div class=\"elementor-widget-container\">\n\t\t\t\t\t\t\t\t\t<p>Un programme qui implique tout le monde, des enfants aux femmes au foyer, avec une attention particuli\u00e8re aux jeunes et aux adolescents, pour cr\u00e9er un espace dans lequel ces activit\u00e9s coexistent pour promouvoir ce dialogue qui s&#039;interrompt progressivement dans la soci\u00e9t\u00e9 contemporaine.<\/p>\t\t\t\t\t\t\t\t<\/div>\n\t\t\t\t<\/div>\n\t\t\t\t<\/div>\n\t\t<div class=\"elementor-element elementor-element-dddcb9e e-con-full e-flex e-con e-child\" data-id=\"dddcb9e\" data-element_type=\"container\" data-e-type=\"container\">\n\t\t\t\t<div class=\"elementor-element elementor-element-1f7a25e0 elementor-widget elementor-widget-image\" data-id=\"1f7a25e0\" data-element_type=\"widget\" data-e-type=\"widget\" data-widget_type=\"image.default\">\n\t\t\t\t<div class=\"elementor-widget-container\">\n\t\t\t\t\t\t\t\t\t\t\t\t\t\t\t\t<a href=\"http:\/\/ctrlz.net\/wp-content\/uploads\/2024\/04\/Espacio-Partecipativo-2.jpg\" data-elementor-open-lightbox=\"yes\" data-e-action-hash=\"#elementor-action%3Aaction%3Dlightbox%26settings%3DeyJpZCI6MTEzLCJ1cmwiOiJodHRwczpcL1wvY3RybHoubmV0XC93cC1jb250ZW50XC91cGxvYWRzXC8yMDI0XC8wNFwvRXNwYWNpby1QYXJ0ZWNpcGF0aXZvLTIuanBnIn0%3D\">\n\t\t\t\t\t\t\t<img loading=\"lazy\" decoding=\"async\" width=\"768\" height=\"381\" src=\"https:\/\/ctrlz.net\/wp-content\/uploads\/2024\/04\/Espacio-Partecipativo-2-768x381.jpg\" class=\"attachment-medium_large size-medium_large wp-image-113\" alt=\"\" srcset=\"https:\/\/ctrlz.net\/wp-content\/uploads\/2024\/04\/Espacio-Partecipativo-2-768x381.jpg 768w, https:\/\/ctrlz.net\/wp-content\/uploads\/2024\/04\/Espacio-Partecipativo-2-300x149.jpg 300w, https:\/\/ctrlz.net\/wp-content\/uploads\/2024\/04\/Espacio-Partecipativo-2-18x9.jpg 18w, https:\/\/ctrlz.net\/wp-content\/uploads\/2024\/04\/Espacio-Partecipativo-2.jpg 1008w\" sizes=\"(max-width: 768px) 100vw, 768px\" \/>\t\t\t\t\t\t\t\t<\/a>\n\t\t\t\t\t\t\t\t\t\t\t\t\t\t\t<\/div>\n\t\t\t\t<\/div>\n\t\t\t\t<\/div>\n\t\t\t\t\t<\/div>\n\t\t\t\t<\/div>\n\t\t<div class=\"elementor-element elementor-element-d2ea397 elementor-hidden-desktop elementor-hidden-laptop elementor-hidden-mobile e-flex e-con-boxed e-con e-parent\" data-id=\"d2ea397\" data-element_type=\"container\" data-e-type=\"container\">\n\t\t\t\t\t<div class=\"e-con-inner\">\n\t\t\t\t<div class=\"elementor-element elementor-element-0403864 elementor-widget elementor-widget-text-editor\" data-id=\"0403864\" data-element_type=\"widget\" data-e-type=\"widget\" data-widget_type=\"text-editor.default\">\n\t\t\t\t<div class=\"elementor-widget-container\">\n\t\t\t\t\t\t\t\t\t<p>Un programme qui implique tout le monde, des enfants aux femmes au foyer, avec une attention particuli\u00e8re aux jeunes et aux adolescents, pour cr\u00e9er un espace dans lequel ces activit\u00e9s coexistent pour promouvoir ce dialogue qui s&#039;interrompt progressivement dans la soci\u00e9t\u00e9 contemporaine.<\/p>\t\t\t\t\t\t\t\t<\/div>\n\t\t\t\t<\/div>\n\t\t\t\t<div class=\"elementor-element elementor-element-1ab0253 elementor-widget elementor-widget-text-editor\" data-id=\"1ab0253\" data-element_type=\"widget\" data-e-type=\"widget\" data-widget_type=\"text-editor.default\">\n\t\t\t\t<div class=\"elementor-widget-container\">\n\t\t\t\t\t\t\t\t\t<p>L&#039;id\u00e9e est de transformer temporairement le patio Maxxi en un lieu de rencontre entre deux r\u00e9alit\u00e9s qui cohabitent au quotidien, se regardent, se frottent : l&#039;espace du mus\u00e9e, avec son atmosph\u00e8re de suspension homog\u00e8ne, et la ville, r\u00e9elle, h\u00e9t\u00e9rog\u00e8ne, chaotique, vivant et en constante \u00e9volution.<\/p>\t\t\t\t\t\t\t\t<\/div>\n\t\t\t\t<\/div>\n\t\t\t\t\t<\/div>\n\t\t\t\t<\/div>\n\t\t<div class=\"elementor-element elementor-element-5583f3b5 e-flex e-con-boxed e-con e-parent\" data-id=\"5583f3b5\" data-element_type=\"container\" data-e-type=\"container\">\n\t\t\t\t\t<div class=\"e-con-inner\">\n\t\t\t\t<div class=\"elementor-element elementor-element-a985852 elementor-hidden-tablet elementor-widget elementor-widget-text-editor\" data-id=\"a985852\" data-element_type=\"widget\" data-e-type=\"widget\" data-widget_type=\"text-editor.default\">\n\t\t\t\t<div class=\"elementor-widget-container\">\n\t\t\t\t\t\t\t\t\t<p>L&#039;id\u00e9e est de transformer temporairement le patio Maxxi en un lieu de rencontre entre deux r\u00e9alit\u00e9s qui cohabitent au quotidien, se regardent, se frottent : l&#039;espace du mus\u00e9e, avec son atmosph\u00e8re de suspension homog\u00e8ne, et la ville, r\u00e9elle, h\u00e9t\u00e9rog\u00e8ne, chaotique, vivant et en constante \u00e9volution.<\/p>\t\t\t\t\t\t\t\t<\/div>\n\t\t\t\t<\/div>\n\t\t\t\t\t<\/div>\n\t\t\t\t<\/div>\n\t\t<div class=\"elementor-element elementor-element-dab1f80 e-flex e-con-boxed e-con e-parent\" data-id=\"dab1f80\" data-element_type=\"container\" data-e-type=\"container\">\n\t\t\t\t\t<div class=\"e-con-inner\">\n\t\t<div class=\"elementor-element elementor-element-a64d75f e-con-full e-flex e-con e-child\" data-id=\"a64d75f\" data-element_type=\"container\" data-e-type=\"container\">\n\t\t\t\t<div class=\"elementor-element elementor-element-183acec elementor-widget elementor-widget-image\" data-id=\"183acec\" data-element_type=\"widget\" data-e-type=\"widget\" data-widget_type=\"image.default\">\n\t\t\t\t<div class=\"elementor-widget-container\">\n\t\t\t\t\t\t\t\t\t\t\t\t\t\t\t\t<a href=\"http:\/\/ctrlz.net\/wp-content\/uploads\/2024\/04\/Espacio-Partecipativo-3.jpg\" data-elementor-open-lightbox=\"yes\" data-e-action-hash=\"#elementor-action%3Aaction%3Dlightbox%26settings%3DeyJpZCI6MTE0LCJ1cmwiOiJodHRwczpcL1wvY3RybHoubmV0XC93cC1jb250ZW50XC91cGxvYWRzXC8yMDI0XC8wNFwvRXNwYWNpby1QYXJ0ZWNpcGF0aXZvLTMuanBnIn0%3D\">\n\t\t\t\t\t\t\t<img loading=\"lazy\" decoding=\"async\" width=\"800\" height=\"456\" src=\"https:\/\/ctrlz.net\/wp-content\/uploads\/2024\/04\/Espacio-Partecipativo-3.jpg\" class=\"attachment-large size-large wp-image-114\" alt=\"\" srcset=\"https:\/\/ctrlz.net\/wp-content\/uploads\/2024\/04\/Espacio-Partecipativo-3.jpg 800w, https:\/\/ctrlz.net\/wp-content\/uploads\/2024\/04\/Espacio-Partecipativo-3-300x171.jpg 300w, https:\/\/ctrlz.net\/wp-content\/uploads\/2024\/04\/Espacio-Partecipativo-3-768x438.jpg 768w, https:\/\/ctrlz.net\/wp-content\/uploads\/2024\/04\/Espacio-Partecipativo-3-18x10.jpg 18w\" sizes=\"(max-width: 800px) 100vw, 800px\" \/>\t\t\t\t\t\t\t\t<\/a>\n\t\t\t\t\t\t\t\t\t\t\t\t\t\t\t<\/div>\n\t\t\t\t<\/div>\n\t\t\t\t<div class=\"elementor-element elementor-element-ebb9bea elementor-widget elementor-widget-image\" data-id=\"ebb9bea\" data-element_type=\"widget\" data-e-type=\"widget\" data-widget_type=\"image.default\">\n\t\t\t\t<div class=\"elementor-widget-container\">\n\t\t\t\t\t\t\t\t\t\t\t\t\t\t\t\t<a href=\"http:\/\/ctrlz.net\/wp-content\/uploads\/2024\/04\/Espacio-Partecipativo-4.jpg\" data-elementor-open-lightbox=\"yes\" data-e-action-hash=\"#elementor-action%3Aaction%3Dlightbox%26settings%3DeyJpZCI6MTE1LCJ1cmwiOiJodHRwczpcL1wvY3RybHoubmV0XC93cC1jb250ZW50XC91cGxvYWRzXC8yMDI0XC8wNFwvRXNwYWNpby1QYXJ0ZWNpcGF0aXZvLTQuanBnIn0%3D\">\n\t\t\t\t\t\t\t<img loading=\"lazy\" decoding=\"async\" width=\"768\" height=\"408\" src=\"https:\/\/ctrlz.net\/wp-content\/uploads\/2024\/04\/Espacio-Partecipativo-4-768x408.jpg\" class=\"attachment-medium_large size-medium_large wp-image-115\" alt=\"\" srcset=\"https:\/\/ctrlz.net\/wp-content\/uploads\/2024\/04\/Espacio-Partecipativo-4-768x408.jpg 768w, https:\/\/ctrlz.net\/wp-content\/uploads\/2024\/04\/Espacio-Partecipativo-4-300x159.jpg 300w, https:\/\/ctrlz.net\/wp-content\/uploads\/2024\/04\/Espacio-Partecipativo-4-18x10.jpg 18w, https:\/\/ctrlz.net\/wp-content\/uploads\/2024\/04\/Espacio-Partecipativo-4.jpg 800w\" sizes=\"(max-width: 768px) 100vw, 768px\" \/>\t\t\t\t\t\t\t\t<\/a>\n\t\t\t\t\t\t\t\t\t\t\t\t\t\t\t<\/div>\n\t\t\t\t<\/div>\n\t\t\t\t<div class=\"elementor-element elementor-element-1e8cbfd elementor-widget elementor-widget-image\" data-id=\"1e8cbfd\" data-element_type=\"widget\" data-e-type=\"widget\" data-widget_type=\"image.default\">\n\t\t\t\t<div class=\"elementor-widget-container\">\n\t\t\t\t\t\t\t\t\t\t\t\t\t\t\t\t<a href=\"http:\/\/ctrlz.net\/wp-content\/uploads\/2024\/04\/Espacio-Partecipativo-5.jpg\" data-elementor-open-lightbox=\"yes\" data-e-action-hash=\"#elementor-action%3Aaction%3Dlightbox%26settings%3DeyJpZCI6MTE2LCJ1cmwiOiJodHRwczpcL1wvY3RybHoubmV0XC93cC1jb250ZW50XC91cGxvYWRzXC8yMDI0XC8wNFwvRXNwYWNpby1QYXJ0ZWNpcGF0aXZvLTUuanBnIn0%3D\">\n\t\t\t\t\t\t\t<img loading=\"lazy\" decoding=\"async\" width=\"768\" height=\"408\" src=\"https:\/\/ctrlz.net\/wp-content\/uploads\/2024\/04\/Espacio-Partecipativo-5-768x408.jpg\" class=\"attachment-medium_large size-medium_large wp-image-116\" alt=\"\" srcset=\"https:\/\/ctrlz.net\/wp-content\/uploads\/2024\/04\/Espacio-Partecipativo-5-768x408.jpg 768w, https:\/\/ctrlz.net\/wp-content\/uploads\/2024\/04\/Espacio-Partecipativo-5-300x159.jpg 300w, https:\/\/ctrlz.net\/wp-content\/uploads\/2024\/04\/Espacio-Partecipativo-5-18x10.jpg 18w, https:\/\/ctrlz.net\/wp-content\/uploads\/2024\/04\/Espacio-Partecipativo-5.jpg 800w\" sizes=\"(max-width: 768px) 100vw, 768px\" \/>\t\t\t\t\t\t\t\t<\/a>\n\t\t\t\t\t\t\t\t\t\t\t\t\t\t\t<\/div>\n\t\t\t\t<\/div>\n\t\t\t\t<\/div>\n\t\t\t\t\t<\/div>\n\t\t\t\t<\/div>\n\t\t<div class=\"elementor-element elementor-element-51a01912 e-flex e-con-boxed e-con e-parent\" data-id=\"51a01912\" data-element_type=\"container\" data-e-type=\"container\">\n\t\t\t\t\t<div class=\"e-con-inner\">\n\t\t\t\t\t<\/div>\n\t\t\t\t<\/div>\n\t\t\t\t<\/div>","protected":false},"excerpt":{"rendered":"<p>ATENCI\u00d3N:\u00a0ESTE PROYECTO ES FRUTO DE UN PROCESO COLABORATIVO ENTRE CTRL+Z Y DIFERENTES AGENTES. PARA SU CORRECTA COMPRENSI\u00d3N OS INVITO A CONOCER LOS DEM\u00c1S SUJETOS DIRECTAMENTE INVOLUCRADOS:\u00a0RURAL BOXX\u00a0(VENEZIA),\u00a0LAMATRAKA (SEVILLA), \u00a0D1618\u00a0(BUDAPEST). En el 2012 se nos ofreci\u00f3 la oportunidad de participar en el \u201cYoung Architects Program\u201d 2012; fuimos invitados por Rural Boxx que hab\u00edan sido invitados a [&hellip;]<\/p>\n","protected":false},"author":2,"featured_media":116,"comment_status":"closed","ping_status":"closed","sticky":false,"template":"","format":"standard","meta":{"footnotes":""},"categories":[17,5],"tags":[],"class_list":["post-58","post","type-post","status-publish","format-standard","has-post-thumbnail","hentry","category-pendiente-de-revision","category-proyectos-arquitectonicos"],"_links":{"self":[{"href":"https:\/\/ctrlz.net\/fr\/wp-json\/wp\/v2\/posts\/58","targetHints":{"allow":["GET"]}}],"collection":[{"href":"https:\/\/ctrlz.net\/fr\/wp-json\/wp\/v2\/posts"}],"about":[{"href":"https:\/\/ctrlz.net\/fr\/wp-json\/wp\/v2\/types\/post"}],"author":[{"embeddable":true,"href":"https:\/\/ctrlz.net\/fr\/wp-json\/wp\/v2\/users\/2"}],"replies":[{"embeddable":true,"href":"https:\/\/ctrlz.net\/fr\/wp-json\/wp\/v2\/comments?post=58"}],"version-history":[{"count":100,"href":"https:\/\/ctrlz.net\/fr\/wp-json\/wp\/v2\/posts\/58\/revisions"}],"predecessor-version":[{"id":10452,"href":"https:\/\/ctrlz.net\/fr\/wp-json\/wp\/v2\/posts\/58\/revisions\/10452"}],"wp:featuredmedia":[{"embeddable":true,"href":"https:\/\/ctrlz.net\/fr\/wp-json\/wp\/v2\/media\/116"}],"wp:attachment":[{"href":"https:\/\/ctrlz.net\/fr\/wp-json\/wp\/v2\/media?parent=58"}],"wp:term":[{"taxonomy":"category","embeddable":true,"href":"https:\/\/ctrlz.net\/fr\/wp-json\/wp\/v2\/categories?post=58"},{"taxonomy":"post_tag","embeddable":true,"href":"https:\/\/ctrlz.net\/fr\/wp-json\/wp\/v2\/tags?post=58"}],"curies":[{"name":"wp","href":"https:\/\/api.w.org\/{rel}","templated":true}]}}